{"id":10079,"date":"2026-02-27T10:05:52","date_gmt":"2026-02-27T10:05:52","guid":{"rendered":"https:\/\/www.equipoeconomico.com\/?p=10079"},"modified":"2026-02-27T10:19:06","modified_gmt":"2026-02-27T10:19:06","slug":"the-challenge-of-connecting-savings-with-productive-investment","status":"publish","type":"post","link":"https:\/\/www.equipoeconomico.com\/en\/economic-analysis\/the-challenge-of-connecting-savings-with-productive-investment\/","title":{"rendered":"The challenge of connecting savings with productive investment"},"content":{"rendered":"<p style=\"text-align: justify;\"><b><span data-contrast=\"auto\">Espa\u00f1a bate r\u00e9cord de ahorro en 2025.<\/span><\/b><span data-ccp-props=\"{&quot;201341983&quot;:0,&quot;335551550&quot;:1,&quot;335551620&quot;:1,&quot;335559738&quot;:0,&quot;335559739&quot;:160,&quot;335559740&quot;:278}\">\u00a0<\/span><\/p>\n<p style=\"text-align: justify;\"><span data-contrast=\"auto\">El sector privado espa\u00f1ol emprendi\u00f3 un proceso de\u00a0desapalancamiento\u00a0tras la Gran Recesi\u00f3n que comenz\u00f3 en 2008, para hacer frente a la crisis y en un contexto de regulaci\u00f3n m\u00e1s estricta para la concesi\u00f3n de cr\u00e9ditos.\u00a0Proceso que se prolonga hasta la actualidad.\u00a0Espa\u00f1a ha alcanzado su r\u00e9cord de ahorro en 2025: se situ\u00f3 en el 24,5% del PIB (405.000 millones de euros) en t\u00e9rminos anualizados en el tercer trimestre de 2025.\u00a0<\/span><span data-ccp-props=\"{&quot;201341983&quot;:0,&quot;335551550&quot;:6,&quot;335551620&quot;:6,&quot;335559738&quot;:0,&quot;335559739&quot;:160,&quot;335559740&quot;:278}\">\u00a0<\/span><\/p>\n<p style=\"text-align: justify;\"><span data-contrast=\"auto\">M\u00e1s de la mitad de este ahorro lo han acumulado las empresas no financieras, cuya ratio sobre el PIB asciende al 14%, seguidas de los hogares con el 7,8%.<\/span><span data-ccp-props=\"{&quot;201341983&quot;:0,&quot;335551550&quot;:6,&quot;335551620&quot;:6,&quot;335559738&quot;:0,&quot;335559739&quot;:160,&quot;335559740&quot;:278}\">\u00a0<\/span><\/p>\n<p style=\"text-align: justify;\"><b><span data-contrast=\"auto\">La brecha entre el ahorro y la inversi\u00f3n.<\/span><\/b><span data-ccp-props=\"{&quot;201341983&quot;:0,&quot;335551550&quot;:1,&quot;335551620&quot;:1,&quot;335559738&quot;:0,&quot;335559739&quot;:160,&quot;335559740&quot;:278}\">\u00a0<\/span><\/p>\n<p style=\"text-align: justify;\"><span data-contrast=\"auto\">Frente a los elevados niveles de ahorro<\/span><span data-contrast=\"auto\">,\u00a0<\/span><span data-contrast=\"auto\">la inversi\u00f3n contin\u00faa en niveles m\u00e1s moderados pese a su mayor dinamismo reciente, y se sit\u00faa en el 20,6% del PIB, cuatro puntos por debajo (ver gr\u00e1fico 1).\u00a0<\/span><span data-ccp-props=\"{&quot;201341983&quot;:0,&quot;335551550&quot;:6,&quot;335551620&quot;:6,&quot;335559738&quot;:0,&quot;335559739&quot;:160,&quot;335559740&quot;:278}\">\u00a0<\/span><\/p>\n<p style=\"text-align: justify;\"><span data-contrast=\"auto\">Esta brecha es especialmente acusada en el caso de los hogares, cuya diferencia asciende a 3,2 puntos del PIB, aunque tambi\u00e9n supera el punto porcentual en el caso de las empresas.<\/span><span data-ccp-props=\"{&quot;201341983&quot;:0,&quot;335551550&quot;:6,&quot;335551620&quot;:6,&quot;335559738&quot;:0,&quot;335559739&quot;:240,&quot;335559740&quot;:278}\">\u00a0<\/span><\/p>\n<p>&nbsp;<\/p>\n<p style=\"text-align: center;\"><strong><span style=\"color: #f9bf03;\">GR\u00c1FICO 1.<\/span>\u00a0EVOLUCI\u00d3N DEL LAS RATIOS DE INVERSI\u00d3N Y AHORRO SOBRE EL PIB EN LA ECONOM\u00cdA ESPA\u00d1OLA.\u00a0\u00a0<\/strong><\/p>\n<p>&nbsp;<\/p>\n<p style=\"text-align: center;\"><span class=\"TextRun SCXW68765990 BCX0\" lang=\"ES-ES\" xml:lang=\"ES-ES\" data-contrast=\"auto\"><span class=\"NormalTextRun SCXW68765990 BCX0\"><img fetchpriority=\"high\" decoding=\"async\" class=\"aligncenter wp-image-10062\" src=\"https:\/\/www.equipoeconomico.com\/wp-content\/uploads\/2026\/02\/AhorroVSInversion.png\" alt=\"\" width=\"793\" height=\"324\" srcset=\"https:\/\/www.equipoeconomico.com\/wp-content\/uploads\/2026\/02\/AhorroVSInversion.png 1042w, https:\/\/www.equipoeconomico.com\/wp-content\/uploads\/2026\/02\/AhorroVSInversion-300x122.png 300w, https:\/\/www.equipoeconomico.com\/wp-content\/uploads\/2026\/02\/AhorroVSInversion-1024x418.png 1024w, https:\/\/www.equipoeconomico.com\/wp-content\/uploads\/2026\/02\/AhorroVSInversion-768x313.png 768w\" sizes=\"(max-width: 793px) 100vw, 793px\" \/><\/span><\/span><\/p>\n<p>&nbsp;<\/p>\n<p style=\"text-align: center;\"><span class=\"TextRun SCXW68765990 BCX0\" lang=\"ES-ES\" xml:lang=\"ES-ES\" data-contrast=\"auto\"><span class=\"NormalTextRun SCXW68765990 BCX0\">Fuente: Equipo Econ\u00f3mico (<\/span><span class=\"NormalTextRun SpellingErrorV2Themed SCXW68765990 BCX0\">Ee<\/span><span class=\"NormalTextRun SCXW68765990 BCX0\">), datos INE.<\/span><\/span><span class=\"EOP SCXW68765990 BCX0\" data-ccp-props=\"{&quot;201341983&quot;:0,&quot;335551550&quot;:2,&quot;335551620&quot;:2,&quot;335559738&quot;:0,&quot;335559739&quot;:240,&quot;335559740&quot;:278}\">\u00a0<\/span><\/p>\n<p>&nbsp;<\/p>\n<p style=\"text-align: justify;\"><b><span data-contrast=\"auto\">La inversi\u00f3n productiva menos din\u00e1mica, pese a operar la industria a alta capacidad.<\/span><\/b><span data-ccp-props=\"{&quot;201341983&quot;:0,&quot;335551550&quot;:1,&quot;335551620&quot;:1,&quot;335559738&quot;:0,&quot;335559739&quot;:160,&quot;335559740&quot;:278}\">\u00a0<\/span><\/p>\n<p style=\"text-align: justify;\"><span data-contrast=\"auto\">La brecha es superior si se considera la inversi\u00f3n productiva\u00a0excluyendo a la inversi\u00f3n en vivienda, que represent\u00f3 el 14,8% del PIB, niveles muy similares a los registrados antes de la pandemia a pesar del mayor dinamismo del actual ciclo expansivo, y por debajo del promedio de la Uni\u00f3n Europea (16,1%).\u00a0<\/span><span data-ccp-props=\"{&quot;201341983&quot;:0,&quot;335551550&quot;:6,&quot;335551620&quot;:6,&quot;335559738&quot;:0,&quot;335559739&quot;:160,&quot;335559740&quot;:278}\">\u00a0<\/span><\/p>\n<p style=\"text-align: justify;\"><span data-contrast=\"auto\">Adem\u00e1s, pese a que es la que tiene un mayor impacto sobre la productividad, la inversi\u00f3n realizada por las empresas es la que muestra un menor dinamismo, habiendo crecido tan s\u00f3lo el 2,1% desde la prepandemia.\u00a0<\/span><span data-ccp-props=\"{&quot;201341983&quot;:0,&quot;335551550&quot;:6,&quot;335551620&quot;:6,&quot;335559738&quot;:0,&quot;335559739&quot;:160,&quot;335559740&quot;:278}\">\u00a0<\/span><\/p>\n<p style=\"text-align: justify;\"><span data-contrast=\"auto\">Todo ello contrasta con una industria espa\u00f1ola que opera con niveles de utilizaci\u00f3n de capacidad superiores al 80% seg\u00fan la Comisi\u00f3n Europea, porcentaje superior al promedio de la Uni\u00f3n Europea (77,4%) y que apunta a una necesidad de inversi\u00f3n en sus procesos productivos para garantizar la sostenibilidad de la producci\u00f3n industrial.\u00a0<\/span><span data-ccp-props=\"{&quot;201341983&quot;:0,&quot;335551550&quot;:6,&quot;335551620&quot;:6,&quot;335559738&quot;:0,&quot;335559739&quot;:160,&quot;335559740&quot;:278}\">\u00a0<\/span><\/p>\n<p style=\"text-align: justify;\"><b><span data-contrast=\"auto\">Los fondos europeos impulsan la inversi\u00f3n p\u00fablica, con dudas sobre su sostenibilidad.<\/span><\/b><span data-ccp-props=\"{&quot;201341983&quot;:0,&quot;335551550&quot;:1,&quot;335551620&quot;:1,&quot;335559738&quot;:0,&quot;335559739&quot;:160,&quot;335559740&quot;:278}\">\u00a0<\/span><\/p>\n<p style=\"text-align: justify;\"><span data-contrast=\"auto\">Por el contrario, gracias a los fondos Next\u00a0Generation\u00a0EU, la inversi\u00f3n p\u00fablica acumula un crecimiento de casi el 50% desde 2019. El contraste entre ambas din\u00e1micas apunta a un efecto tractor de la inversi\u00f3n p\u00fablica sobre la privada\u00a0inferior al esperado.\u00a0<\/span><span data-ccp-props=\"{&quot;201341983&quot;:0,&quot;335551550&quot;:6,&quot;335551620&quot;:6,&quot;335559738&quot;:0,&quot;335559739&quot;:160,&quot;335559740&quot;:278}\">\u00a0<\/span><\/p>\n<p style=\"text-align: justify;\"><span data-contrast=\"auto\">En todo caso, el mecanismo a trav\u00e9s del cual se canalizan los fondos europeos finalizar\u00e1 en la segunda mitad de 2026, lo que abre asimismo interrogantes sobre la sostenibilidad del impulso inversor p\u00fablico.<\/span><span data-ccp-props=\"{&quot;201341983&quot;:0,&quot;335551550&quot;:6,&quot;335551620&quot;:6,&quot;335559738&quot;:0,&quot;335559739&quot;:160,&quot;335559740&quot;:278}\">\u00a0<\/span><\/p>\n<p style=\"text-align: justify;\"><b><span data-contrast=\"auto\">Las relevantes consecuencias de la baja inversi\u00f3n.\u00a0<\/span><\/b><span data-ccp-props=\"{&quot;201341983&quot;:0,&quot;335551550&quot;:1,&quot;335551620&quot;:1,&quot;335559738&quot;:0,&quot;335559739&quot;:160,&quot;335559740&quot;:278}\">\u00a0<\/span><\/p>\n<p style=\"text-align: justify;\"><span data-contrast=\"auto\">La reducida inversi\u00f3n interna, en contraste con la elevada tasa de ahorro, sugiere que una parte significativa de los recursos generados a nivel dom\u00e9stico fluye hacia el exterior y no se destina a la acumulaci\u00f3n de capital productivo.<\/span><span data-ccp-props=\"{&quot;201341983&quot;:0,&quot;335551550&quot;:6,&quot;335551620&quot;:6,&quot;335559738&quot;:0,&quot;335559739&quot;:160,&quot;335559740&quot;:278}\">\u00a0<\/span><\/p>\n<p style=\"text-align: justify;\"><span data-contrast=\"auto\">La insuficiente inversi\u00f3n interna limita el crecimiento de la productividad y de la renta per c\u00e1pita, mientras pone en duda la sostenibilidad del crecimiento econ\u00f3mico frente al complejo contexto geopol\u00edtico global.<\/span><span data-ccp-props=\"{&quot;201341983&quot;:0,&quot;335551550&quot;:6,&quot;335551620&quot;:6,&quot;335559738&quot;:0,&quot;335559739&quot;:160,&quot;335559740&quot;:278}\">\u00a0<\/span><\/p>\n<p style=\"text-align: justify;\"><b><span data-contrast=\"auto\">Necesidad\u00a0de un marco\u00a0institucional\u00a0y regulatorio estable\u00a0para impulsar la inversi\u00f3n.<\/span><\/b><span data-ccp-props=\"{&quot;201341983&quot;:0,&quot;335551550&quot;:1,&quot;335551620&quot;:1,&quot;335559738&quot;:0,&quot;335559739&quot;:160,&quot;335559740&quot;:278}\">\u00a0<\/span><\/p>\n<p style=\"text-align: justify;\"><span data-contrast=\"auto\">Queda as\u00ed patente que la econom\u00eda espa\u00f1ola no presenta un problema de escasez de ahorro, sino de falta de capacidad para canalizarlo hacia inversi\u00f3n productiva interna.\u00a0<\/span><span data-ccp-props=\"{&quot;201341983&quot;:0,&quot;335551550&quot;:6,&quot;335551620&quot;:6,&quot;335559738&quot;:0,&quot;335559739&quot;:160,&quot;335559740&quot;:278}\">\u00a0<\/span><\/p>\n<p style=\"text-align: justify;\"><span data-contrast=\"auto\">El reto para las pol\u00edticas p\u00fablicas reside en buscar un equilibrio entre la resiliencia que proporciona una posici\u00f3n financiera saneada del sector privado y un saldo exterior positivo, y el necesario impulso al crecimiento potencial y a la renta per c\u00e1pita que derivar\u00eda de una mayor inversi\u00f3n.\u00a0<\/span><span data-ccp-props=\"{&quot;201341983&quot;:0,&quot;335551550&quot;:6,&quot;335551620&quot;:6,&quot;335559738&quot;:0,&quot;335559739&quot;:160,&quot;335559740&quot;:278}\">\u00a0<\/span><\/p>\n<p style=\"text-align: justify;\"><span data-contrast=\"auto\">Para ello, ser\u00e1 clave mejorar la rentabilidad ajustada al riesgo de la inversi\u00f3n dom\u00e9stica, promover una inversi\u00f3n p\u00fablica m\u00e1s productiva con mayor efecto tractor sobre la privada, reforzar la colaboraci\u00f3n p\u00fablico-privada en el desarrollo de infraestructuras estrat\u00e9gicas y, sobre todo, poder contar con un marco institucional y regulatorio estable, y con una fiscalidad favorable a la inversi\u00f3n.<\/span><span data-ccp-props=\"{&quot;201341983&quot;:0,&quot;335551550&quot;:6,&quot;335551620&quot;:6,&quot;335559738&quot;:0,&quot;335559739&quot;:160,&quot;335559740&quot;:278}\">\u00a0<\/span><\/p>\n<p style=\"text-align: justify;\"><span data-contrast=\"auto\">En este contexto, y con el objetivo de adaptarse a un entorno cambiante, las compa\u00f1\u00edas est\u00e1n reforzando sus capacidades de an\u00e1lisis y anticipaci\u00f3n estrat\u00e9gica para mejorar la toma de decisiones. Al mismo tiempo, buscan fortalecer su resiliencia frente a riesgos y generar valor mediante el aprovechamiento de las oportunidades que surgen en escenarios cada vez m\u00e1s complejos y de r\u00e1pida evoluci\u00f3n.\u00a0<\/span><span data-ccp-props=\"{&quot;201341983&quot;:0,&quot;335551550&quot;:6,&quot;335551620&quot;:6,&quot;335559738&quot;:0,&quot;335559739&quot;:160,&quot;335559740&quot;:278}\">\u00a0<\/span><\/p>\n<p>&nbsp;<\/p>\n<p><a href=\"https:\/\/www.equipoeconomico.com\/equipo-profesional\/jose-maria-romero-vera\/\" target=\"_blank\" rel=\"noopener\"><b><span data-contrast=\"auto\">Jos\u00e9 Mar\u00eda Romero Vera<\/span><\/b><span data-ccp-props=\"{&quot;134245417&quot;:false,&quot;201341983&quot;:0,&quot;335551550&quot;:6,&quot;335551620&quot;:6,&quot;335559738&quot;:120,&quot;335559739&quot;:240,&quot;335559740&quot;:336}\">\u00a0<\/span><\/a><\/p>\n<p><span data-contrast=\"auto\">Director\u00a0\u2013 \u00c1rea econ\u00f3mica e internacional, Equipo Econ\u00f3mico (Ee).<\/span><span data-ccp-props=\"{&quot;134245417&quot;:false,&quot;201341983&quot;:0,&quot;335551550&quot;:6,&quot;335551620&quot;:6,&quot;335559738&quot;:120,&quot;335559739&quot;:240,&quot;335559740&quot;:336}\">\u00a0<\/span><\/p>\n<p><a href=\"https:\/\/www.equipoeconomico.com\/equipo-profesional\/jorge-vindel-gonzalez\/\" target=\"_blank\" rel=\"noopener\"><b><span data-contrast=\"auto\">Jorge Vindel Gonz\u00e1lez<\/span><\/b><\/a><\/p>\n<p><span data-contrast=\"auto\">Analista econ\u00f3mico senior &#8211;\u00a0\u00c1rea econ\u00f3mica e internacional, Equipo Econ\u00f3mico (Ee).<\/span><span data-ccp-props=\"{&quot;134245417&quot;:false,&quot;201341983&quot;:0,&quot;335551550&quot;:6,&quot;335551620&quot;:6,&quot;335559738&quot;:120,&quot;335559739&quot;:240,&quot;335559740&quot;:336}\">\u00a0<\/span><\/p>\n<p><a href=\"https:\/\/www.equipoeconomico.com\/equipo-profesional\/felix-escobar-gomez\/\" target=\"_blank\" rel=\"noopener\"><b><span data-contrast=\"auto\">F\u00e9lix Escobar G\u00f3mez<\/span><\/b><\/a><\/p>\n<p><span data-contrast=\"auto\">Analista econ\u00f3mico &#8211;\u00a0\u00c1rea econ\u00f3mica e internacional, Equipo Econ\u00f3mico (Ee).<\/span><span data-ccp-props=\"{&quot;134245417&quot;:false,&quot;201341983&quot;:0,&quot;335551550&quot;:6,&quot;335551620&quot;:6,&quot;335559738&quot;:120,&quot;335559739&quot;:240,&quot;335559740&quot;:336}\">\u00a0<\/span><\/p>\n<p><span data-ccp-props=\"{&quot;134245417&quot;:false,&quot;201341983&quot;:0,&quot;335551550&quot;:6,&quot;335551620&quot;:6,&quot;335559738&quot;:0,&quot;335559739&quot;:150,&quot;335559740&quot;:240}\">\u00a0<\/span><\/p>\n","protected":false},"excerpt":{"rendered":"<p>Espa\u00f1a bate r\u00e9cord de ahorro en 2025.\u00a0 El sector privado espa\u00f1ol emprendi\u00f3 un proceso de\u00a0desapalancamiento\u00a0tras la Gran Recesi\u00f3n que comenz\u00f3 en 2008, para hacer frente a la crisis y en un contexto de regulaci\u00f3n m\u00e1s estricta para la concesi\u00f3n de cr\u00e9ditos.\u00a0Proceso que se prolonga hasta la actualidad.\u00a0Espa\u00f1a ha alcanzado su r\u00e9cord de ahorro en 2025:&hellip;<\/p>\n","protected":false},"author":5,"featured_media":10071,"comment_status":"closed","ping_status":"closed","sticky":false,"template":"","format":"standard","meta":{"_acf_changed":false,"footnotes":""},"categories":[289],"tags":[],"coauthors":[336,335,550],"class_list":["post-10079","post","type-post","status-publish","format-standard","has-post-thumbnail","hentry","category-economic-analysis","category-289","description-off"],"acf":[],"_links":{"self":[{"href":"https:\/\/www.equipoeconomico.com\/en\/wp-json\/wp\/v2\/posts\/10079","targetHints":{"allow":["GET"]}}],"collection":[{"href":"https:\/\/www.equipoeconomico.com\/en\/wp-json\/wp\/v2\/posts"}],"about":[{"href":"https:\/\/www.equipoeconomico.com\/en\/wp-json\/wp\/v2\/types\/post"}],"author":[{"embeddable":true,"href":"https:\/\/www.equipoeconomico.com\/en\/wp-json\/wp\/v2\/users\/5"}],"replies":[{"embeddable":true,"href":"https:\/\/www.equipoeconomico.com\/en\/wp-json\/wp\/v2\/comments?post=10079"}],"version-history":[{"count":1,"href":"https:\/\/www.equipoeconomico.com\/en\/wp-json\/wp\/v2\/posts\/10079\/revisions"}],"predecessor-version":[{"id":10080,"href":"https:\/\/www.equipoeconomico.com\/en\/wp-json\/wp\/v2\/posts\/10079\/revisions\/10080"}],"wp:featuredmedia":[{"embeddable":true,"href":"https:\/\/www.equipoeconomico.com\/en\/wp-json\/wp\/v2\/media\/10071"}],"wp:attachment":[{"href":"https:\/\/www.equipoeconomico.com\/en\/wp-json\/wp\/v2\/media?parent=10079"}],"wp:term":[{"taxonomy":"category","embeddable":true,"href":"https:\/\/www.equipoeconomico.com\/en\/wp-json\/wp\/v2\/categories?post=10079"},{"taxonomy":"post_tag","embeddable":true,"href":"https:\/\/www.equipoeconomico.com\/en\/wp-json\/wp\/v2\/tags?post=10079"},{"taxonomy":"author","embeddable":true,"href":"https:\/\/www.equipoeconomico.com\/en\/wp-json\/wp\/v2\/coauthors?post=10079"}],"curies":[{"name":"wp","href":"https:\/\/api.w.org\/{rel}","templated":true}]}}