{"id":5762,"date":"2022-07-06T15:28:23","date_gmt":"2022-07-06T15:28:23","guid":{"rendered":"https:\/\/www.equipoeconomico.com\/?p=5762"},"modified":"2025-05-08T13:50:33","modified_gmt":"2025-05-08T13:50:33","slug":"a-snapshot-of-the-current-state-of-the-spanish-economy","status":"publish","type":"post","link":"https:\/\/www.equipoeconomico.com\/en\/economic-analysis\/a-snapshot-of-the-current-state-of-the-spanish-economy\/","title":{"rendered":"A snapshot of the current state of the Spanish economy"},"content":{"rendered":"<p style=\"text-align: justify;\"><strong>Como coment\u00e1bamos en nuestro \u00faltimo post <span style=\"color: #f9bf03;\"><a style=\"color: #f9bf03;\" href=\"https:\/\/www.equipoeconomico.com\/analisis-economico\/la-economia-espanola-crece-pero-aumenta-la-incertidumbre\/\">\u201c<span style=\"text-decoration: underline;\">La econom\u00eda espa\u00f1ola crece, pero aumenta la incertidumbre<\/span>\u201d<\/a><\/span>, este<\/strong><strong> a\u00f1o 2022 comenz\u00f3 con una notable ralentizaci\u00f3n de la expansi\u00f3n del Producto Interior Bruto espa\u00f1ol entre enero y marzo<\/strong> (ver gr\u00e1fico 1). Tras la sexta ola de la pandemia provocada por la variante \u00d3micron, que tuvo un gran impacto en el primer mes del a\u00f1o, el estallido de la guerra en Ucrania y la huelga de transportes, el PIB espa\u00f1ol registr\u00f3 un crecimiento intertrimestral de tan solo el 0,2%, muy por debajo del 2,2% del trimestre anterior.<\/p>\n<p>&nbsp;<\/p>\n<p style=\"text-align: center;\"><strong><span style=\"color: #f9bf03;\">GR\u00c1FICO 1.<\/span> Evoluci\u00f3n del PIB y del valor a\u00f1adido bruto de los sectores econ\u00f3micos.<\/strong><\/p>\n<p style=\"text-align: center;\"><img fetchpriority=\"high\" decoding=\"async\" class=\"alignnone wp-image-5746 \" src=\"https:\/\/www.equipoeconomico.com\/wp-content\/uploads\/2022\/07\/Evolucio\u0301n-del-pib-y-del-valor-an\u0303adido-bruto-de-los-sectores-econo\u0301micos.png\" alt=\"\" width=\"658\" height=\"322\" srcset=\"https:\/\/www.equipoeconomico.com\/wp-content\/uploads\/2022\/07\/Evolucio\u0301n-del-pib-y-del-valor-an\u0303adido-bruto-de-los-sectores-econo\u0301micos.png 815w, https:\/\/www.equipoeconomico.com\/wp-content\/uploads\/2022\/07\/Evolucio\u0301n-del-pib-y-del-valor-an\u0303adido-bruto-de-los-sectores-econo\u0301micos-300x147.png 300w, https:\/\/www.equipoeconomico.com\/wp-content\/uploads\/2022\/07\/Evolucio\u0301n-del-pib-y-del-valor-an\u0303adido-bruto-de-los-sectores-econo\u0301micos-768x376.png 768w\" sizes=\"(max-width: 658px) 100vw, 658px\" \/><\/p>\n<p style=\"text-align: center;\">Fuente: INE, Equipo Econ\u00f3mico.<\/p>\n<p style=\"text-align: justify;\"><strong>Esta desaceleraci\u00f3n se ha producido fundamentalmente por la ca\u00edda del 2,0% con respecto al trimestre anterior del consumo de los hogares<\/strong>, mientras que el resto de los componentes del PIB por el lado de la demanda se han mantenido en territorio positivo, especialmente las exportaciones netas, <strong>impulsadas por la reactivaci\u00f3n del sector tur\u00edstico<\/strong>. As\u00ed, las exportaciones de bienes y servicios aumentaron el 16,0% intertrimestral ante un incremento en las exportaciones de servicios, gracias al gasto de no residentes. Por su parte, las importaciones de bienes y servicios disminuyeron el 7,9% intertrimestral, por la ca\u00edda en las importaciones de bienes junto con una desaceleraci\u00f3n en las importaciones de servicios.<\/p>\n<p style=\"text-align: justify;\">Por el lado de la oferta, seg\u00fan se refleja en el gr\u00e1fico 1, <strong>los sectores que han retrocedido han sido precisamente los m\u00e1s afectados por el aumento de los precios del transporte y de las materias primas: el sector primario, la industria y la construcci\u00f3n<\/strong>, con ca\u00eddas trimestrales del 3,2%, del 1,8% y del 0,1%, respectivamente. Mientras, los servicios, gracias a la relajaci\u00f3n de restricciones, han aumentado el 0,5%.<\/p>\n<p style=\"text-align: justify;\">No obstante, ya desde abril la evoluci\u00f3n de un conjunto de indicadores de consumo y, sobre todo de actividad, avanzan un mejor comportamiento de la econom\u00eda para el segundo trimestre, tal y como se aprecia en la tabla 1 -en la que se realiza una comparaci\u00f3n mes a mes de algunos de las principales variables adelantadas para los a\u00f1os 2021 y 2022-.<\/p>\n<p>&nbsp;<\/p>\n<p style=\"text-align: center;\"><strong><span style=\"color: #f9bf03;\">TABLA 1.<\/span> Desempe\u00f1o de una selecci\u00f3n de indicadores de actividad y consumo en 2021 y 2022.<\/strong><\/p>\n<p style=\"text-align: center;\"><img decoding=\"async\" class=\"alignnone wp-image-5773 \" src=\"https:\/\/www.equipoeconomico.com\/wp-content\/uploads\/2022\/07\/Captura-de-pantalla-2022-07-07-a-las-10.41.29.png\" alt=\"\" width=\"746\" height=\"564\" srcset=\"https:\/\/www.equipoeconomico.com\/wp-content\/uploads\/2022\/07\/Captura-de-pantalla-2022-07-07-a-las-10.41.29.png 1594w, https:\/\/www.equipoeconomico.com\/wp-content\/uploads\/2022\/07\/Captura-de-pantalla-2022-07-07-a-las-10.41.29-300x227.png 300w, https:\/\/www.equipoeconomico.com\/wp-content\/uploads\/2022\/07\/Captura-de-pantalla-2022-07-07-a-las-10.41.29-1024x775.png 1024w, https:\/\/www.equipoeconomico.com\/wp-content\/uploads\/2022\/07\/Captura-de-pantalla-2022-07-07-a-las-10.41.29-768x581.png 768w, https:\/\/www.equipoeconomico.com\/wp-content\/uploads\/2022\/07\/Captura-de-pantalla-2022-07-07-a-las-10.41.29-1536x1162.png 1536w\" sizes=\"(max-width: 746px) 100vw, 746px\" \/><\/p>\n<p style=\"text-align: center;\">(a) El indicador representa el porcentaje de variaci\u00f3n con respecto a febrero de 2020; (b) Los indicadores representan el valor del \u00edndice; (c) Los indicadores representan el porcentaje de variaci\u00f3n con respecto al mismo mes de 2019.<\/p>\n<p style=\"text-align: center;\">Fuente: Google, IHS Markit, REE, Anfac, INE, CIS, Eurocontrol, Cores, Equipo Econ\u00f3mico.<\/p>\n<p style=\"text-align: justify;\"><strong>Por una parte, los principales indicadores de consumo cayeron con fuerza tras el comienzo de la guerra en Ucrania, y vienen recuper\u00e1ndose desde entonces, aunque de forma paulatina<\/strong>. Destacamos entre ellos el \u00cdndice de Confianza del Consumidor (ICC) que, tras el considerable descenso de 36 puntos en marzo, s\u00f3lo se ha recuperado parcialmente en los meses de abril y mayo, para volver a caer 10 puntos en junio, y contin\u00faa situ\u00e1ndose por debajo de los 100 puntos, lo que refleja una percepci\u00f3n negativa de los consumidores. Lo mismo sucede con el consumo en el sector automovil\u00edstico, sector clave para la econom\u00eda espa\u00f1ola y que a\u00fan contin\u00faa muy por debajo de los niveles prepandemia. <strong>Las matriculaciones de veh\u00edculos en el primer semestre de este a\u00f1o se situaron el 41,1% por debajo de las del mismo periodo de 2019<\/strong>. Por su parte, el \u00cdndice de Comercio Minorista (ICM) -en precios constantes y en t\u00e9rminos desestacionalizados- consigui\u00f3 recuperarse parcialmente durante los meses de abril y mayo: en marzo se situ\u00f3 el 6,9% por debajo del nivel de 2019, en abril el 1,9% y en mayo el 2,2%.<\/p>\n<p style=\"text-align: justify;\">Por otro lado, <strong>la actividad en el sector manufacturero, afectada en mayor medida por el encarecimiento de los productos energ\u00e9ticos y la escasez de productos intermedios, contin\u00faa en torno a los bajos niveles registrados tras el comienzo de la guerra en Ucrania<\/strong>. Como as\u00ed lo refleja el PMI manufacturero, que en junio alcanz\u00f3 el valor m\u00e1s bajo (52,6) desde febrero de 2021 (52,9) al igual que el sector de la automoci\u00f3n, -donde la producci\u00f3n de autom\u00f3viles durante los cinco primeros meses del a\u00f1o se situ\u00f3 el 29% por debajo del mismo periodo de 2019- y la demanda el\u00e9ctrica.<\/p>\n<p style=\"text-align: justify;\"><strong>Las se\u00f1ales positivas durante el segundo semestre las arroja el sector servicios<\/strong>, a trav\u00e9s del \u00edndice PMI del sector, que registr\u00f3 54,0 puntos en junio. Adem\u00e1s, en el sector tur\u00edstico, tanto el n\u00famero de pernoctaciones hoteleras como la llegada de turistas extranjeros se sit\u00faan ya en niveles cercanos a los de 2019. Esto pone de manifiesto que, gracias a la mejora de la situaci\u00f3n epidemiol\u00f3gica en muchos pa\u00edses europeos y a la demanda embalsada, <strong>el sector tur\u00edstico espa\u00f1ol contin\u00faa su senda de recuperaci\u00f3n. De hecho, en mayo se recuperaron el 88,0% de los turistas internacionales de 2019 y el 99,6% del gasto que estos realizaron<\/strong>, mientras que los empleados en actividades vinculadas al sector tur\u00edstico alcanzaron un total de 2.608.600 afiliados, lo que supera el nivel prepandemia y representa ya el 12,9% de la afiliaci\u00f3n total a la Seguridad Social.<\/p>\n<p style=\"text-align: justify;\">Por su parte, <strong>el sector inmobiliario ha sido uno de los que m\u00e1s r\u00e1pido ha recuperado su actividad<\/strong>; de hecho, la compraventa de viviendas inscritas en los registros de propiedad se situ\u00f3 en marzo de 2022 en 59.272, alcanzando su cifra m\u00e1s alta desde enero de 2008. Si bien en los pr\u00f3ximos trimestres, el incremento el Eur\u00edbor jugar\u00e1 en contra de la demanda, pues ya se ha apreciado una significativa reducci\u00f3n en el n\u00famero de compraventas en abril respecto a marzo.<\/p>\n<p>&nbsp;<\/p>\n<p style=\"text-align: center;\"><strong><span style=\"color: #f9bf03;\">GR\u00c1FICO 2.<\/span> N\u00famero de afiliados a la seguridad social.<\/strong><\/p>\n<p style=\"text-align: center;\"><img decoding=\"async\" class=\"alignnone wp-image-5750 \" src=\"https:\/\/www.equipoeconomico.com\/wp-content\/uploads\/2022\/07\/Nu\u0301mero-de-afiliados-a-la-seguridad-social.-.png\" alt=\"\" width=\"644\" height=\"324\" srcset=\"https:\/\/www.equipoeconomico.com\/wp-content\/uploads\/2022\/07\/Nu\u0301mero-de-afiliados-a-la-seguridad-social.-.png 819w, https:\/\/www.equipoeconomico.com\/wp-content\/uploads\/2022\/07\/Nu\u0301mero-de-afiliados-a-la-seguridad-social.--300x151.png 300w, https:\/\/www.equipoeconomico.com\/wp-content\/uploads\/2022\/07\/Nu\u0301mero-de-afiliados-a-la-seguridad-social.--768x386.png 768w\" sizes=\"(max-width: 644px) 100vw, 644px\" \/><\/p>\n<p style=\"text-align: center;\">Fuente: Ministerio de Inclusi\u00f3n, Migraciones y Seguridad Social, Equipo Econ\u00f3mico.<\/p>\n<p style=\"text-align: justify;\">Como reflejo de todo ello, <strong>el mercado laboral continu\u00f3 registrando datos muy positivos de creaci\u00f3n de empleo y reducci\u00f3n de paro,<\/strong> a pesar de las crecientes rigideces en la oferta. <strong>En abril se super\u00f3 por primera vez en la serie hist\u00f3rica la barrera de 20 millones de afiliados a la seguridad social, y el desempleo se situ\u00f3 en junio por debajo de los tres millones de parados, lo cual supone la cifra m\u00e1s baja desde octubre de 2008<\/strong>, aunque todav\u00eda m\u00e1s de 900 mil por encima de los contabilizados en el mismo mes de 2007, antes de que irrumpiera la crisis financiera. Adicionalmente, seg\u00fan Eurostat la tasa de paro en mayo en Espa\u00f1a se situ\u00f3 a\u00fan en el 13,1%, siendo la m\u00e1s alta de la eurozona y casi duplicando el promedio de la regi\u00f3n (6,6%).<\/p>\n<p style=\"text-align: justify;\">En definitiva, <strong>despu\u00e9s de la desaceleraci\u00f3n experimentada en el primer trimestre, el buen comportamiento de ciertos indicadores durante el segundo trimestre avecina un verano positivo que vendr\u00e1 impulsado por el turismo<\/strong>, despu\u00e9s de dos a\u00f1os con las restricciones por la pandemia como protagonistas. Sin embargo, <strong>las dudas surgen para oto\u00f1o, que continuar\u00e1 estando marcado por el incremento de unos precios que van a mermar todav\u00eda m\u00e1s el poder adquisitivo de las familias<\/strong>. A este escenario se suma el <strong>deterioro de la confianza de los agentes econ\u00f3micos, la incertidumbre de la guerra en Ucrania y sus consecuencias sobre la econom\u00eda global, y una pol\u00edtica monetaria que va a tensionar cada vez m\u00e1s las condiciones financieras en su objetivo de control de los precios<\/strong>. Estos factores, entre otros, ensombrecen las perspectivas sobre la actividad econ\u00f3mica a la vuelta del verano.<\/p>\n<p>&nbsp;<\/p>\n<p><strong><span style=\"text-decoration: underline;\"><a href=\"https:\/\/www.equipoeconomico.com\/equipo-profesional\/jorge-vindel-gonzalez\/\">Jorge Vindel Gonz\u00e1lez<\/a><\/span><span style=\"color: #f9bf03;\">.<\/span><\/strong> Analista. Ee Economics.<br \/>\n<strong>Ayoub Borakruf.<\/strong> Analista en pr\u00e1cticas. Ee Economics.<\/p>\n","protected":false},"excerpt":{"rendered":"<p>Como coment\u00e1bamos en nuestro \u00faltimo post \u201cLa econom\u00eda espa\u00f1ola crece, pero aumenta la incertidumbre\u201d, este a\u00f1o 2022 comenz\u00f3 con una notable ralentizaci\u00f3n de la expansi\u00f3n del Producto Interior Bruto espa\u00f1ol entre enero y marzo (ver gr\u00e1fico 1). Tras la sexta ola de la pandemia provocada por la variante \u00d3micron, que tuvo un gran impacto en&hellip;<\/p>\n","protected":false},"author":35,"featured_media":5743,"comment_status":"closed","ping_status":"closed","sticky":false,"template":"","format":"standard","meta":{"_acf_changed":false,"footnotes":""},"categories":[289,290],"tags":[],"coauthors":[335,428],"class_list":["post-5762","post","type-post","status-publish","format-standard","has-post-thumbnail","hentry","category-economic-analysis","category-financial-consultancy","category-289","category-290","description-off"],"acf":[],"_links":{"self":[{"href":"https:\/\/www.equipoeconomico.com\/en\/wp-json\/wp\/v2\/posts\/5762","targetHints":{"allow":["GET"]}}],"collection":[{"href":"https:\/\/www.equipoeconomico.com\/en\/wp-json\/wp\/v2\/posts"}],"about":[{"href":"https:\/\/www.equipoeconomico.com\/en\/wp-json\/wp\/v2\/types\/post"}],"author":[{"embeddable":true,"href":"https:\/\/www.equipoeconomico.com\/en\/wp-json\/wp\/v2\/users\/35"}],"replies":[{"embeddable":true,"href":"https:\/\/www.equipoeconomico.com\/en\/wp-json\/wp\/v2\/comments?post=5762"}],"version-history":[{"count":4,"href":"https:\/\/www.equipoeconomico.com\/en\/wp-json\/wp\/v2\/posts\/5762\/revisions"}],"predecessor-version":[{"id":5866,"href":"https:\/\/www.equipoeconomico.com\/en\/wp-json\/wp\/v2\/posts\/5762\/revisions\/5866"}],"wp:featuredmedia":[{"embeddable":true,"href":"https:\/\/www.equipoeconomico.com\/en\/wp-json\/wp\/v2\/media\/5743"}],"wp:attachment":[{"href":"https:\/\/www.equipoeconomico.com\/en\/wp-json\/wp\/v2\/media?parent=5762"}],"wp:term":[{"taxonomy":"category","embeddable":true,"href":"https:\/\/www.equipoeconomico.com\/en\/wp-json\/wp\/v2\/categories?post=5762"},{"taxonomy":"post_tag","embeddable":true,"href":"https:\/\/www.equipoeconomico.com\/en\/wp-json\/wp\/v2\/tags?post=5762"},{"taxonomy":"author","embeddable":true,"href":"https:\/\/www.equipoeconomico.com\/en\/wp-json\/wp\/v2\/coauthors?post=5762"}],"curies":[{"name":"wp","href":"https:\/\/api.w.org\/{rel}","templated":true}]}}