{"id":6706,"date":"2023-05-10T14:08:58","date_gmt":"2023-05-10T14:08:58","guid":{"rendered":"https:\/\/www.equipoeconomico.com\/?p=6706"},"modified":"2025-05-08T13:50:32","modified_gmt":"2025-05-08T13:50:32","slug":"a-comprehensive-analysis-of-the-economic-and-financial-situation-of-the-spanish-autonomous-communities","status":"publish","type":"post","link":"https:\/\/www.equipoeconomico.com\/en\/uncategorized\/a-comprehensive-analysis-of-the-economic-and-financial-situation-of-the-spanish-autonomous-communities\/","title":{"rendered":"A comprehensive analysis of the economic and financial situation of the Spanish Autonomous Communities"},"content":{"rendered":"<p style=\"text-align: justify;\"><strong>Todas las Comunidades Aut\u00f3nomas registraron un importante crecimiento econ\u00f3mico en 2022 y en el primer trimestre de 2023<\/strong>, <strong>pero s\u00f3lo algunas completaron su recuperaci\u00f3n respecto a los niveles previos a la pandemia<\/strong>, como se pone de manifiesto por el gr\u00e1fico 1. Esta positiva evoluci\u00f3n econ\u00f3mica ha propiciado un significativo crecimiento del empleo, si bien la tasa de paro contin\u00faa siendo muy elevada en la mayor\u00eda de las regiones. Mientras que <strong>las fuertes presiones inflacionistas destacan entre los desaf\u00edos m\u00e1s relevantes a los que se enfrentan.<\/strong><\/p>\n<p>&nbsp;<\/p>\n<p style=\"text-align: center;\"><strong><span style=\"color: #f9bf03;\">GR\u00c1FICO 1.<\/span> RECUPERACI\u00d3N DEL PIB* DE LAS COMUNIDADES AUT\u00d3NOMAS.<\/strong><\/p>\n<p><img fetchpriority=\"high\" decoding=\"async\" class=\"aligncenter wp-image-6684 \" src=\"https:\/\/www.equipoeconomico.com\/wp-content\/uploads\/2023\/05\/RECUPERACION-DEL-PIB-DE-LAS-COMUNIDADES-AUTONOMAS.png\" alt=\"\" width=\"465\" height=\"406\" srcset=\"https:\/\/www.equipoeconomico.com\/wp-content\/uploads\/2023\/05\/RECUPERACION-DEL-PIB-DE-LAS-COMUNIDADES-AUTONOMAS.png 745w, https:\/\/www.equipoeconomico.com\/wp-content\/uploads\/2023\/05\/RECUPERACION-DEL-PIB-DE-LAS-COMUNIDADES-AUTONOMAS-300x262.png 300w\" sizes=\"(max-width: 465px) 100vw, 465px\" \/><\/p>\n<p style=\"text-align: center;\"><span style=\"font-size: 8pt;\">(*) Nota: ante la falta en el momento de la realizaci\u00f3n de este post de datos de PIB de las CC. AA. m\u00e1s all\u00e1 de 2021,<br \/>\nse ha utilizado la estimaci\u00f3n realizada por la Autoridad Independiente de Responsabilidad Fiscal (AIReF).<\/span><\/p>\n<p style=\"text-align: center;\">Fuente: AIReF, INE, Equipo Econ\u00f3mico (Ee).<\/p>\n<p>&nbsp;<\/p>\n<p style=\"text-align: justify;\">Pese al destacado crecimiento, el conjunto de las CC. AA. presenta una importante necesidad de consolidaci\u00f3n fiscal, <strong>su d\u00e9ficit alcanz\u00f3 el 1,14% sobre el PIB en 2022 <\/strong>(ver gr\u00e1fico 2)<strong>, el mayor desde 2015 a pesar del contexto de fuerte recaudaci\u00f3n tributaria de los \u00faltimos a\u00f1os, y situ\u00e1ndose por encima de la referencia marcada para las CC. AA. de r\u00e9gimen com\u00fan del 0,6% sobre el PIB.<\/strong><\/p>\n<p style=\"text-align: justify;\">En las CC. AA. de r\u00e9gimen com\u00fan (todas excluyendo a Navarra y Pa\u00eds Vasco, que pertenecen al r\u00e9gimen foral), la principal raz\u00f3n del aumento del d\u00e9ficit del a\u00f1o pasado ha sido la <strong>disminuci\u00f3n de los ingresos no financieros<\/strong>, que cayeron el 6,4% interanual, a causa de una relevante disminuci\u00f3n de las transferencias corrientes extraordinarias realizadas por el Estado en 2020 y 2021 vinculadas a la pandemia, as\u00ed como por el decalaje temporal y el efecto de la liquidaci\u00f3n negativa de las principales figuras de los impuestos cedidos del sistema de financiaci\u00f3n auton\u00f3mica derivada de la recaudaci\u00f3n de 2020. Mientras, <strong>los gastos no financieros de las CC. AA. de r\u00e9gimen com\u00fan han continuado creciendo ligeramente en 2022<\/strong>, el 0,7% interanual.<\/p>\n<p>&nbsp;<\/p>\n<p style=\"text-align: center;\"><strong><span style=\"color: #f9bf03;\">GR\u00c1FICO 2.<\/span> D\u00c9FICIT Y DEUDA DE LAS COMUNIDADES AUT\u00d3NOMAS EN 2022 SOBRE EL PIB*<\/strong><\/p>\n<p style=\"text-align: center;\"><img decoding=\"async\" class=\"aligncenter wp-image-6688 \" src=\"https:\/\/www.equipoeconomico.com\/wp-content\/uploads\/2023\/05\/DEFICIT-Y-DEUDA-DE-LAS-COMUNIDADES-AUTONOMAS-EN-2022-SOBRE-EL-PIB.png\" alt=\"\" width=\"664\" height=\"322\" srcset=\"https:\/\/www.equipoeconomico.com\/wp-content\/uploads\/2023\/05\/DEFICIT-Y-DEUDA-DE-LAS-COMUNIDADES-AUTONOMAS-EN-2022-SOBRE-EL-PIB.png 2012w, https:\/\/www.equipoeconomico.com\/wp-content\/uploads\/2023\/05\/DEFICIT-Y-DEUDA-DE-LAS-COMUNIDADES-AUTONOMAS-EN-2022-SOBRE-EL-PIB-300x146.png 300w, https:\/\/www.equipoeconomico.com\/wp-content\/uploads\/2023\/05\/DEFICIT-Y-DEUDA-DE-LAS-COMUNIDADES-AUTONOMAS-EN-2022-SOBRE-EL-PIB-1024x497.png 1024w, https:\/\/www.equipoeconomico.com\/wp-content\/uploads\/2023\/05\/DEFICIT-Y-DEUDA-DE-LAS-COMUNIDADES-AUTONOMAS-EN-2022-SOBRE-EL-PIB-768x373.png 768w, https:\/\/www.equipoeconomico.com\/wp-content\/uploads\/2023\/05\/DEFICIT-Y-DEUDA-DE-LAS-COMUNIDADES-AUTONOMAS-EN-2022-SOBRE-EL-PIB-1536x745.png 1536w\" sizes=\"(max-width: 664px) 100vw, 664px\" \/><\/p>\n<p style=\"text-align: center;\"><span style=\"font-size: 8pt;\">(*) Nota: El Banco de Espa\u00f1a y la IGAE ante la falta de publicaci\u00f3n de los datos del PIB regional de 2022,<br \/>\ndistribuyen el PIB de Espa\u00f1a de 2022 de acuerdo con la estructura del PIB regional de 2021.<\/span><\/p>\n<p style=\"text-align: center;\">Fuente: Banco de Espa\u00f1a, IGAE, Equipo Econ\u00f3mico (Ee).<\/p>\n<p>&nbsp;<\/p>\n<p style=\"text-align: justify;\">Analizando con mayor profundidad la situaci\u00f3n econ\u00f3mico-financiera de las CC. AA. de r\u00e9gimen com\u00fan, a trav\u00e9s de un conjunto de ratios y seg\u00fan una metodolog\u00eda propia de Equipo Econ\u00f3mico, se ponen de manifiesto, los <strong>importantes desequilibrios estructurales a los que se enfrentan, en particular los relativos a los ratios de endeudamiento, solvencia y eficiencia<\/strong> -seg\u00fan queda reflejado en nuestro \u00faltimo informe sobre la situaci\u00f3n econ\u00f3mico-financiera de las CC. AA-.<\/p>\n<p style=\"text-align: justify;\">Y es que <strong>la falta de consolidaci\u00f3n fiscal por parte de las CC. AA.<\/strong> a lo largo de los a\u00f1os, especialmente desde la Gran Recesi\u00f3n, ha propiciado que el nivel de endeudamiento haya aumentado considerablemente. En 2022 la deuda auton\u00f3mica espa\u00f1ola represent\u00f3 el 23,9% sobre el PIB, frente al 6,1% del a\u00f1o 2000; siendo relevante destacar, adem\u00e1s, que en 2022 <strong>Espa\u00f1a fue el pa\u00eds de la UE con un mayor nivel de deuda regional en t\u00e9rminos del PIB <\/strong>de entre aquellos en los que las regiones cuentan con mayores competencias. En este contexto, <strong>muchas CC. AA. est\u00e1n fuertemente endeudadas con el Estado a trav\u00e9s del Fondo de Financiaci\u00f3n, <\/strong>como queda reflejado en el gr\u00e1fico 3. A pesar de tratarse de un mecanismo dise\u00f1ado en 2012 inicialmente con car\u00e1cter extraordinario, algunas comunidades siguen haciendo un uso muy intenso de los ingresos procedentes del citado fondo. En 2022 las CC. AA. recibieron m\u00e1s de 31.000 millones de euros procedentes de dichos mecanismos.<\/p>\n<p>&nbsp;<\/p>\n<p style=\"text-align: center;\"><strong><span style=\"color: #f9bf03;\">GR\u00c1FICO 3.<\/span> COMPOSICI\u00d3N DE LA DEUDA AUTON\u00d3MICA EN 2022. % SOBRE LA DEUDA TOTAL DE CADA COMUNIDAD AUT\u00d3NOMA.<\/strong><\/p>\n<p>&nbsp;<\/p>\n<p style=\"text-align: center;\"><img decoding=\"async\" class=\"aligncenter wp-image-6686\" src=\"https:\/\/www.equipoeconomico.com\/wp-content\/uploads\/2023\/05\/COMPOSICION-DE-LA-DEUDA-AUTONOMICA-EN-2022.-SOBRE-LA-DEUDA-TOTAL-DE-CADA-COMUNIDAD-AUTONOMA.png\" alt=\"\" width=\"679\" height=\"348\" srcset=\"https:\/\/www.equipoeconomico.com\/wp-content\/uploads\/2023\/05\/COMPOSICION-DE-LA-DEUDA-AUTONOMICA-EN-2022.-SOBRE-LA-DEUDA-TOTAL-DE-CADA-COMUNIDAD-AUTONOMA.png 2122w, https:\/\/www.equipoeconomico.com\/wp-content\/uploads\/2023\/05\/COMPOSICION-DE-LA-DEUDA-AUTONOMICA-EN-2022.-SOBRE-LA-DEUDA-TOTAL-DE-CADA-COMUNIDAD-AUTONOMA-300x154.png 300w, https:\/\/www.equipoeconomico.com\/wp-content\/uploads\/2023\/05\/COMPOSICION-DE-LA-DEUDA-AUTONOMICA-EN-2022.-SOBRE-LA-DEUDA-TOTAL-DE-CADA-COMUNIDAD-AUTONOMA-1024x524.png 1024w, https:\/\/www.equipoeconomico.com\/wp-content\/uploads\/2023\/05\/COMPOSICION-DE-LA-DEUDA-AUTONOMICA-EN-2022.-SOBRE-LA-DEUDA-TOTAL-DE-CADA-COMUNIDAD-AUTONOMA-768x393.png 768w, https:\/\/www.equipoeconomico.com\/wp-content\/uploads\/2023\/05\/COMPOSICION-DE-LA-DEUDA-AUTONOMICA-EN-2022.-SOBRE-LA-DEUDA-TOTAL-DE-CADA-COMUNIDAD-AUTONOMA-1536x786.png 1536w, https:\/\/www.equipoeconomico.com\/wp-content\/uploads\/2023\/05\/COMPOSICION-DE-LA-DEUDA-AUTONOMICA-EN-2022.-SOBRE-LA-DEUDA-TOTAL-DE-CADA-COMUNIDAD-AUTONOMA-2048x1048.png 2048w\" sizes=\"(max-width: 679px) 100vw, 679px\" \/><\/p>\n<p style=\"text-align: center;\">Fuente: Banco de Espa\u00f1a, Equipo Econ\u00f3mico (Ee).<\/p>\n<p>&nbsp;<\/p>\n<p style=\"text-align: justify;\"><strong>Urge por tanto retomar los objetivos y reglas fiscales tras cuatro a\u00f1os de suspensi\u00f3n, en especial tambi\u00e9n para vincular a las CC. AA., y que contribuyan a un ajuste estructural, principalmente por la v\u00eda del gasto.<\/strong> Sin embargo, <strong>la Actualizaci\u00f3n del Programa de Estabilidad 2023\u20132026<\/strong>, remitida recientemente por el Gobierno a Bruselas, <strong>es a\u00fan m\u00e1s laxa respecto al ritmo de consolidaci\u00f3n fiscal de las Comunidades Aut\u00f3nomas<\/strong>, a pesar del efecto positivo esperado en los ingresos de los ejercicios 2023 y 2024 gracias al fuerte crecimiento de la recaudaci\u00f3n en 2021 y 2022 y el decalaje de dos a\u00f1os en las liquidaciones definitivas del sistema de financiaci\u00f3n auton\u00f3mico.<\/p>\n<p style=\"text-align: justify;\"><strong>Al mismo tiempo se ha de poner fin a los mecanismos extraordinarios de financiaci\u00f3n y avanzar en una reforma de la financiaci\u00f3n auton\u00f3mica<\/strong> que apueste por la consolidaci\u00f3n fiscal. Todo ello <strong>facilitar\u00eda que el conjunto de CC. AA. pudiera acudir a financiarse en los mercados<\/strong> al igual que lo est\u00e1n haciendo este a\u00f1o algunas regiones, como son los ejemplos recientes de <strong>Andaluc\u00eda, la Comunidad de Madrid, Galicia y Pa\u00eds Vasco.<\/strong><\/p>\n<p>&nbsp;<\/p>\n<p><strong><span style=\"text-decoration: underline;\"><a rel=\"noopener\" href=\"https:\/\/www.equipoeconomico.com\/equipo-profesional\/jorge-vindel-gonzalez\/\" target=\"_blank\">Jorge Vindel Gonz\u00e1lez.<\/a><\/span>\u00a0<\/strong>Analista econ\u00f3mico.<\/p>\n<p>Pablo Alonso P\u00e9rez.\u00a0Analista en pr\u00e1cticas.<\/p>\n","protected":false},"excerpt":{"rendered":"<p>Todas las Comunidades Aut\u00f3nomas registraron un importante crecimiento econ\u00f3mico en 2022 y en el primer trimestre de 2023, pero s\u00f3lo algunas completaron su recuperaci\u00f3n respecto a los niveles previos a la pandemia, como se pone de manifiesto por el gr\u00e1fico 1. Esta positiva evoluci\u00f3n econ\u00f3mica ha propiciado un significativo crecimiento del empleo, si bien la&hellip;<\/p>\n","protected":false},"author":35,"featured_media":6682,"comment_status":"closed","ping_status":"closed","sticky":false,"template":"","format":"standard","meta":{"_acf_changed":false,"footnotes":""},"categories":[265],"tags":[],"coauthors":[335,463],"class_list":["post-6706","post","type-post","status-publish","format-standard","has-post-thumbnail","hentry","category-uncategorized","category-265","description-off"],"acf":[],"_links":{"self":[{"href":"https:\/\/www.equipoeconomico.com\/en\/wp-json\/wp\/v2\/posts\/6706","targetHints":{"allow":["GET"]}}],"collection":[{"href":"https:\/\/www.equipoeconomico.com\/en\/wp-json\/wp\/v2\/posts"}],"about":[{"href":"https:\/\/www.equipoeconomico.com\/en\/wp-json\/wp\/v2\/types\/post"}],"author":[{"embeddable":true,"href":"https:\/\/www.equipoeconomico.com\/en\/wp-json\/wp\/v2\/users\/35"}],"replies":[{"embeddable":true,"href":"https:\/\/www.equipoeconomico.com\/en\/wp-json\/wp\/v2\/comments?post=6706"}],"version-history":[{"count":2,"href":"https:\/\/www.equipoeconomico.com\/en\/wp-json\/wp\/v2\/posts\/6706\/revisions"}],"predecessor-version":[{"id":6776,"href":"https:\/\/www.equipoeconomico.com\/en\/wp-json\/wp\/v2\/posts\/6706\/revisions\/6776"}],"wp:featuredmedia":[{"embeddable":true,"href":"https:\/\/www.equipoeconomico.com\/en\/wp-json\/wp\/v2\/media\/6682"}],"wp:attachment":[{"href":"https:\/\/www.equipoeconomico.com\/en\/wp-json\/wp\/v2\/media?parent=6706"}],"wp:term":[{"taxonomy":"category","embeddable":true,"href":"https:\/\/www.equipoeconomico.com\/en\/wp-json\/wp\/v2\/categories?post=6706"},{"taxonomy":"post_tag","embeddable":true,"href":"https:\/\/www.equipoeconomico.com\/en\/wp-json\/wp\/v2\/tags?post=6706"},{"taxonomy":"author","embeddable":true,"href":"https:\/\/www.equipoeconomico.com\/en\/wp-json\/wp\/v2\/coauthors?post=6706"}],"curies":[{"name":"wp","href":"https:\/\/api.w.org\/{rel}","templated":true}]}}