{"id":8483,"date":"2024-12-09T12:44:48","date_gmt":"2024-12-09T12:44:48","guid":{"rendered":"https:\/\/www.equipoeconomico.com\/uncategorized\/el-corazon-de-europa-en-la-encrucijada-el-desafio-de-un-mundo-tripolar\/"},"modified":"2025-05-08T13:50:32","modified_gmt":"2025-05-08T13:50:32","slug":"the-heart-of-europe-at-a-crossroads-the-challenge-of-a-tripolar-world","status":"publish","type":"post","link":"https:\/\/www.equipoeconomico.com\/en\/economic-analysis\/the-heart-of-europe-at-a-crossroads-the-challenge-of-a-tripolar-world\/","title":{"rendered":"The heart of Europe at a crossroads: the challenge of a tripolar world"},"content":{"rendered":"<h3 style=\"text-align: justify;\"><strong>La geopol\u00edtica redefine la econom\u00eda global, con mayor impacto en Europa.<\/strong><\/h3>\n<p style=\"text-align: justify;\">La econom\u00eda global est\u00e1 siendo profundamente transformada por el impacto de la geopol\u00edtica. Vamos hacia un mundo tripolar articulado en torno a tres ejes principales: Estados Unidos y sus aliados, China y sus aliados, y las grandes compa\u00f1\u00edas transnacionales, principalmente los gigantes tecnol\u00f3gicos. Y es que esta reconfiguraci\u00f3n se desarrolla en paralelo con otras transformaciones cruciales, como la digitalizaci\u00f3n, que est\u00e1 redibujando los sectores productivos y econ\u00f3micos tradicionales.<\/p>\n<p style=\"text-align: justify;\">La Uni\u00f3n Europea (UE) se encuentra particularmente expuesta a estas din\u00e1micas globales, debido a su una gran exposici\u00f3n al resto del mundo a trav\u00e9s de sus exportaciones, y especialmente su eje central francoalem\u00e1n. Seg\u00fan destac\u00f3 Mario Draghi en su reciente informe, la renta real disponible per c\u00e1pita ha crecido casi el doble en Estados Unidos que en la UE desde el a\u00f1o 2000, lo que evidencia el estancamiento relativo del bloque europeo.<\/p>\n<h3 style=\"text-align: justify;\"><strong>Alemania y Francia: desaf\u00edos econ\u00f3micos y pol\u00edticos en el n\u00facleo de la eurozona.<\/strong><\/h3>\n<p style=\"text-align: justify;\">Alemania y Francia, que juntas representan cerca del 50% del PIB de la eurozona, enfrentan retos estructurales y coyunturales que limitan su crecimiento. A nivel estructural, las grandes transformaciones globales est\u00e1n teniendo un gran impacto sobre su modelo productivo, erosionando el tejido industrial y los servicios asociados, con una fuerte competencia industrial desde China, mientras que sectores como el tecnol\u00f3gico y los servicios avanzados ganan protagonismo a nivel mundial. En lo coyuntural, el incremento de los costes energ\u00e9ticos tras la invasi\u00f3n rusa de Ucrania y la persistencia de tensiones inflacionarias, pese a su moderaci\u00f3n reciente, han agravado el malestar social provocado por el encarecimiento del coste de la vida.<\/p>\n<p style=\"text-align: justify;\">De tal forma que, a los relevantes desaf\u00edos econ\u00f3micos, se suma tambi\u00e9n una crisis pol\u00edtica significativa. En Alemania, tras la ruptura de la coalici\u00f3n de gobierno en noviembre, el canciller Scholz ha convocado elecciones anticipadas para el 23 de febrero de 2025. Mientras que en Francia la ca\u00edda del gobierno del primer ministro, Michel Barnier, ahonda en el panorama incierto. El presidente Macron vuelve a las rondas de consultas para el nombramiento de un nuevo primer ministro y gobierno.<\/p>\n<p style=\"text-align: justify;\">Ambos pa\u00edses tambi\u00e9n enfrentan problemas relacionados con la gesti\u00f3n presupuestaria, aunque con matices muy distintos. En Francia derivados fundamentalmente de un nivel de gasto excesivo, que, para hacer frente a las consecuencias de la pandemia, super\u00f3 el 61% del PIB en 2021; y que se situ\u00f3 a\u00fan el a\u00f1o pasado, 2023, en el 57%. Con un d\u00e9ficit p\u00fablico previsto este a\u00f1o claramente por encima del 6% del PIB. La ca\u00edda del gobierno franc\u00e9s est\u00e1 relacionada, en parte, con el rechazo de los grupos de la oposici\u00f3n a unas cuentas m\u00e1s restrictivas para 2025 y har\u00e1 necesaria la pr\u00f3rroga del presupuesto actual. Mientras que no parece f\u00e1cil que un nuevo gobierno vaya a ser capaz de acometer el ajuste de las cuentas p\u00fablicas sin que previamente lo fuercen de alguna forma los mercados. Por el contrario, en Alemania, el freno constitucional al endeudamiento, vigente desde 2009, podr\u00eda estar limitando las inversiones necesarias para adaptar su modelo productivo, que necesita participar m\u00e1s de la transformaci\u00f3n digital.<\/p>\n<p style=\"text-align: justify;\">Todo ello acontece en un momento en el que la atenci\u00f3n y preocupaci\u00f3n se est\u00e1 enfocando cada vez m\u00e1s en la sostenibilidad de las cuentas p\u00fablicas. En Europa, a medida que crecen las necesidades de inversi\u00f3n estrat\u00e9gica \u2014en transformaci\u00f3n productiva, seguridad y defensa, donde Trump est\u00e1 dejando muy claro la necesidad de que incrementen su contribuci\u00f3n en el seno de la OTAN\u2014, tambi\u00e9n aumentan las expectativas de que ser\u00e1 necesario tomar decisiones dif\u00edciles, con relevantes efectos sociales.<\/p>\n<h3 style=\"text-align: justify;\"><strong>Soluciones nacionales y europeas.<\/strong><\/h3>\n<p style=\"text-align: justify;\">En este contexto, la capacidad de Alemania, Francia y la UE para reinventarse sigue siendo crucial. Alemania lo viene probando claramente desde la Segunda Guerra Mundial y cuenta con muchos de los elementos necesarios para volverlo hacer. Francia, por su parte, est\u00e1 ya en su V Rep\u00fablica. Su sistema democr\u00e1tico no naci\u00f3 ayer. La propia UE ha mostrado capacidad de adaptaci\u00f3n en tiempos de crisis, como se\u00f1al\u00f3 Jean Monnet: <em>\u201cLa gente solo acepta el cambio cuando se enfrenta a una necesidad, y solo reconoce la necesidad cuando se le viene encima una crisis\u201d<\/em>.<\/p>\n<p style=\"text-align: justify;\">Una parte de la soluci\u00f3n para Alemania y Francia reside en gestionar de forma equilibrada sus cuentas p\u00fablicas, garantizando la sostenibilidad del crecimiento. Sin embargo, ser\u00e1 clave tambi\u00e9n avanzar hacia una mayor competitividad econ\u00f3mica y una integraci\u00f3n m\u00e1s profunda a nivel europeo y con los aliados.<\/p>\n<p style=\"text-align: justify;\"><span data-olk-copy-source=\"MessageBody\">Un primer ejemplo, muy positivo, lo constituye que la Comisi\u00f3n Europea y los cuatro pa\u00edses miembros del Mercosur hayan llegado a un acuerdo, al final de sus negociaciones, para la firma de la nueva asociaci\u00f3n entre la UE y Mercosur. La Comisi\u00f3n Europea ha hecho lo que le correspond\u00eda, el avance con el Mercosur es clave en el escenario geopol\u00edtico actual. Ahora los estados miembros podr\u00e1n posicionarse al respecto seg\u00fan consideren y defenderlo frente a sus opiniones p\u00fablicas; la competencia, en este caso y en cuanto a los temas relacionados con el comercio, es comunitaria.<\/span><\/p>\n<div class=\"x_elementToProof\"><span data-olk-copy-source=\"MessageBody\">Otros ejemplos adicionales de este avance necesario incluyen la emisi\u00f3n conjunta de deuda para financiar inversiones estrat\u00e9gicas y la creaci\u00f3n de una aut\u00e9ntica Uni\u00f3n de Mercados de Capitales, que facilite el crecimiento y la transformaci\u00f3n del tejido empresarial europeo.<\/span><\/div>\n<h3 style=\"text-align: justify;\"><strong>Espa\u00f1a: una calma relativa bajo la sombra de riesgos latentes.<\/strong><\/h3>\n<p style=\"text-align: justify;\">En cuanto a Espa\u00f1a, que registra un crecimiento claramente por encima de la media europea, la prima de riesgo se mantiene actualmente por debajo de la francesa, pero la econom\u00eda espa\u00f1ola no est\u00e1 exenta de riesgos. Su elevada dependencia de lo que ocurre en el n\u00facleo europeo y su d\u00e9bil posici\u00f3n fiscal la hacen vulnerable. Adem\u00e1s, la ausencia de Presupuestos Generales del Estado para 2025 y la fragmentaci\u00f3n y polarizaci\u00f3n pol\u00edtica agravan la incertidumbre y dificultan la aprobaci\u00f3n de las necesarias reformas estructurales. Es momento de tomar nota y anticiparse a los desaf\u00edos.<\/p>\n<p style=\"text-align: justify;\">La capacidad de Europa para superar estos desaf\u00edos ser\u00e1 crucial en un mundo cada vez m\u00e1s polarizado y competitivo. El simb\u00f3lico y tenso apret\u00f3n de manos entre Trump y Macron frente a Notre Dame dej\u00f3 claro que Estados Unidos no est\u00e1 dispuesto a ceder terreno a Europa, y China tampoco lo har\u00e1. En este escenario, una acci\u00f3n europea coordinada y estrat\u00e9gica es m\u00e1s necesaria que nunca, as\u00ed como un eje franco-alem\u00e1n capaz de responder con agilidad. El verdadero reto de la Uni\u00f3n Europea es reinventarse para afrontar con \u00e9xito este nuevo orden tripolar.<\/p>\n<p>&nbsp;<\/p>\n<p><strong><a href=\"https:\/\/www.equipoeconomico.com\/en\/our-team\/jose-maria-romero-vera\/\" target=\"_blank\" rel=\"noopener\">Jos\u00e9 Mar\u00eda Romero Vera.<\/a><\/strong><br \/>\nDirector del \u00e1rea econ\u00f3mica e internacional de Equipo Econ\u00f3mico (Ee).<\/p>\n","protected":false},"excerpt":{"rendered":"<p>La geopol\u00edtica redefine la econom\u00eda global, con mayor impacto en Europa. La econom\u00eda global est\u00e1 siendo profundamente transformada por el impacto de la geopol\u00edtica. Vamos hacia un mundo tripolar articulado en torno a tres ejes principales: Estados Unidos y sus aliados, China y sus aliados, y las grandes compa\u00f1\u00edas transnacionales, principalmente los gigantes tecnol\u00f3gicos. Y&hellip;<\/p>\n","protected":false},"author":5,"featured_media":8477,"comment_status":"closed","ping_status":"closed","sticky":false,"template":"","format":"standard","meta":{"_acf_changed":false,"footnotes":""},"categories":[289],"tags":[],"coauthors":[336],"class_list":["post-8483","post","type-post","status-publish","format-standard","has-post-thumbnail","hentry","category-economic-analysis","category-289","description-off"],"acf":[],"_links":{"self":[{"href":"https:\/\/www.equipoeconomico.com\/en\/wp-json\/wp\/v2\/posts\/8483","targetHints":{"allow":["GET"]}}],"collection":[{"href":"https:\/\/www.equipoeconomico.com\/en\/wp-json\/wp\/v2\/posts"}],"about":[{"href":"https:\/\/www.equipoeconomico.com\/en\/wp-json\/wp\/v2\/types\/post"}],"author":[{"embeddable":true,"href":"https:\/\/www.equipoeconomico.com\/en\/wp-json\/wp\/v2\/users\/5"}],"replies":[{"embeddable":true,"href":"https:\/\/www.equipoeconomico.com\/en\/wp-json\/wp\/v2\/comments?post=8483"}],"version-history":[{"count":6,"href":"https:\/\/www.equipoeconomico.com\/en\/wp-json\/wp\/v2\/posts\/8483\/revisions"}],"predecessor-version":[{"id":8628,"href":"https:\/\/www.equipoeconomico.com\/en\/wp-json\/wp\/v2\/posts\/8483\/revisions\/8628"}],"wp:featuredmedia":[{"embeddable":true,"href":"https:\/\/www.equipoeconomico.com\/en\/wp-json\/wp\/v2\/media\/8477"}],"wp:attachment":[{"href":"https:\/\/www.equipoeconomico.com\/en\/wp-json\/wp\/v2\/media?parent=8483"}],"wp:term":[{"taxonomy":"category","embeddable":true,"href":"https:\/\/www.equipoeconomico.com\/en\/wp-json\/wp\/v2\/categories?post=8483"},{"taxonomy":"post_tag","embeddable":true,"href":"https:\/\/www.equipoeconomico.com\/en\/wp-json\/wp\/v2\/tags?post=8483"},{"taxonomy":"author","embeddable":true,"href":"https:\/\/www.equipoeconomico.com\/en\/wp-json\/wp\/v2\/coauthors?post=8483"}],"curies":[{"name":"wp","href":"https:\/\/api.w.org\/{rel}","templated":true}]}}