{"id":9953,"date":"2025-11-13T21:09:41","date_gmt":"2025-11-13T21:09:41","guid":{"rendered":"https:\/\/www.equipoeconomico.com\/?p=9953"},"modified":"2025-11-13T21:09:41","modified_gmt":"2025-11-13T21:09:41","slug":"five-reasons-for-cautiously-rising-expectations-in-buenos-aires","status":"publish","type":"post","link":"https:\/\/www.equipoeconomico.com\/en\/uncategorized\/five-reasons-for-cautiously-rising-expectations-in-buenos-aires\/","title":{"rendered":"Five reasons for cautiously rising expectations in Buenos Aires."},"content":{"rendered":"<p style=\"text-align: justify;\">Con la primavera instalada ya en Buenos Aires, ha sido un privilegio haber estado de nuevo all\u00ed unos d\u00edas, participando en el Foro Abeceb. Se trata de la cita internacional de referencia en el Cono Sur latinoamericano a la hora de abordar los desaf\u00edos y las oportunidades para la estrategia empresarial en la regi\u00f3n y, en esta 15\u00aa edici\u00f3n, ante la incertidumbre que deriva del nuevo orden internacional.<\/p>\n<p style=\"text-align: justify;\">Un a\u00f1o ha transcurrido desde mi paso anterior por Argentina, tiempo suficiente para apreciar una importante progresi\u00f3n, con expectativas que se van reafirmando. Por lo que, una vez de vuelta a Europa y Madrid, comparto a continuaci\u00f3n algunas reflexiones con la libertad, la distancia y, a buen seguro tambi\u00e9n, las imprecisiones, que otorga la mirada desde fuera.<\/p>\n<p style=\"text-align: justify;\">La literatura econ\u00f3mica ha mostrado de forma consistente que el desempe\u00f1o sostenible de una econom\u00eda, especialmente en el medio y largo plazo, depende de la estabilizaci\u00f3n macroecon\u00f3mica y de la implementaci\u00f3n de reformas estructurales, en base a una base pol\u00edtica s\u00f3lida que las respalde. Como se\u00f1ala Dani Rodrik, el \u00e9xito econ\u00f3mico requiere un liderazgo pol\u00edtico comprometido con los principales objetivos de pol\u00edtica econ\u00f3mica y capaz de sostener un equipo econ\u00f3mico coherente y coordinado. Ese liderazgo debe ejercer su autoridad en apoyo de los ministros responsables de las \u00e1reas econ\u00f3micas, al tiempo que act\u00faa como garante de la independencia de las instituciones clave, en particular de los bancos centrales, tal como destacan los trabajos de Alberto Alesina y Kenneth Rogoff, entre otros.<\/p>\n<p style=\"text-align: justify;\">En el caso de Argentina, la relaci\u00f3n entre los distintos actores pol\u00edticos y econ\u00f3micos puede haber sido excesivamente estrecha y dependiente, si se juzga por los resultados de las \u00faltimas d\u00e9cadas. Incluso, de manera m\u00e1s simb\u00f3lica, un paseo por la ciudad ayuda a constatar la cercan\u00eda f\u00edsica entre la Casa Rosada y el Banco Central de la Rep\u00fablica Argentina, a solo dos cuadras, y puede ayudar a entender esa interdependencia. Adem\u00e1s, a un lado y otro de la sede presidencial, en la misma Plaza de Mayo, se ubican el Banco de la Naci\u00f3n Argentina y el Ministerio de Econom\u00eda. Quiz\u00e1s, en este caso, algo m\u00e1s de distancia, tanto institucional como literal, podr\u00eda haber favorecido una mayor estabilidad macroecon\u00f3mica y una trayectoria m\u00e1s firme del peso argentino.<\/p>\n<p style=\"text-align: justify;\">Sin embargo, para mi sorpresa, en estos d\u00edas participando en la \u00faltima edici\u00f3n del citado foro estrat\u00e9gico, el centro de la conversaci\u00f3n no ha estado monopolizado por el tipo de cambio, su flotaci\u00f3n dentro de bandas o incluso en el debate de la dolarizaci\u00f3n, ni en muchos otros elementos de inter\u00e9s en el corto plazo. La mirada ha estado concentrada en el medio y largo plazo, ayudados por un programa centrado en abordar los principales motores del cambio del nuevo orden global, entre los que destacan la geopol\u00edtica -e incluso la astropol\u00edtica como se ha expuesto durante la cita-, la tecnolog\u00eda y la Inteligencia Artificial. El debate ha podido as\u00ed situarse en los asuntos estrat\u00e9gicos para los decisores empresariales y p\u00fablicos, lejos del cortoplacismo, gracias al clima que se respira en el pa\u00eds, a mi juicio, de un optimismo medido y con expectativas que se van reafirmando.<\/p>\n<p style=\"text-align: justify;\">Este optimismo, m\u00e1s sereno quiz\u00e1s que en alguna etapa anterior, ante las experiencias del pasado, est\u00e1 fundamentado en bases relevantes:<\/p>\n<ol style=\"text-align: justify;\">\n<li>Una pol\u00edtica econ\u00f3mica que ha conseguido contener la inflaci\u00f3n y ajustar las cuentas p\u00fablicas mientras se abr\u00eda progresivamente al exterior, lo que parec\u00eda imposible hace solo dos a\u00f1os. Se encuentra ya en marcha el R\u00e9gimen de Incentivos Fiscales para Grandes Inversores (RIGI).<\/li>\n<li>Unas l\u00edneas de financiaci\u00f3n y de intercambio de divisas in\u00e9ditas por parte de Estados Unidos y anunciadas por Donald Trump, que permiten proteger al peso y a la deuda argentina de los ataques y las dudas a los que se han enfrentado durante el pasado mes de octubre.<\/li>\n<li>Fruto de lo anterior, un claro respaldo por parte de los argentinos en las urnas en las elecciones intermedias el pasado d\u00eda 26, que dotan al pa\u00eds de una mayor estabilidad pol\u00edtica, que ahora va ya m\u00e1s all\u00e1 del muy personal liderazgo por parte de Javier Milei. Los votantes que en su d\u00eda apoyaron al Pro y Cambiemos de Mauricio Macri han optado esta vez por La Libertad Avanza de Milei. Los apoyos parlamentarios con los que cuenta ahora facilitar\u00e1n que el pa\u00eds pueda aprobar los Presupuestos, as\u00ed como poner en marcha varias de las reformas estructurales que necesita su econom\u00eda, empezando por la laboral y la fiscal. Reformas que pueden sentar muy bien al din\u00e1mico sector emprendedor del pa\u00eds. Se trata no solo de incrementar la resiliencia frente a la incertidumbre, sino tambi\u00e9n de sentar las bases de la innovaci\u00f3n y el crecimiento sostenible.<\/li>\n<li>Estos cuatro puntos, de forma conjunta, contribuyen a que los inversores y los directivos de las compa\u00f1\u00edas internacionales puedan ya plantear en las reuniones de sus Boards y Consejos de Administraci\u00f3n las oportunidades de inversi\u00f3n que ofrece Argentina, en destacados sectores como la agroindustria, la transformaci\u00f3n digital, la energ\u00eda y la miner\u00eda. Ya empezando a suceder, por ejemplo, en las reuniones de las empresas espa\u00f1olas.<\/li>\n<li>Por \u00faltimo y como se ha analizado en profundidad durante el Foro, en el nuevo orden global el pa\u00eds cuenta con elementos relevantes para su completa inserci\u00f3n en la econom\u00eda internacional. Queda muy claro cuando se constata que, el \u00e9xito a la hora atraer la inversi\u00f3n internacional en el mundo actual no se mide ya no solo con la atracci\u00f3n de las grandes multinacionales del autom\u00f3vil, sino particularmente de centros de datos asociados a la revoluci\u00f3n que est\u00e1 suponiendo la IA. Estos necesitan varios de los recursos con los que cuenta Argentina: energ\u00eda, un clima propicio y capital humano formado, e incluso un clima de mayor seguridad que otros pa\u00edses de la regi\u00f3n.<\/li>\n<\/ol>\n<p style=\"text-align: justify;\">En este sentido, una de las empresas participantes en el Foro, Sur Energy, ha anunciado recientemente la construcci\u00f3n ya durante 2026 y 2027 del primer data center de inteligencia artificial de Am\u00e9rica Latina, que se situar\u00e1 en la Patagonia argentina, gracias a un acuerdo con OpenAI.<\/p>\n<p style=\"text-align: justify;\">Estas razones para el actual optimismo constituyen fundamentos sobre los que seguir construyendo unas bases s\u00f3lidas para la econom\u00eda argentina, materializar las grandes oportunidades que ofrece el pa\u00eds y, as\u00ed, ondear bien alto la bandera. Es el momento de cumplir durante los pr\u00f3ximos meses con los compromisos adquiridos y las expectativas locales e internacionales.<\/p>\n<p>&nbsp;<\/p>\n<p><strong><span style=\"text-decoration: underline;\"><a href=\"https:\/\/www.equipoeconomico.com\/equipo-profesional\/jose-maria-romero-vera\/\" target=\"_blank\" rel=\"noopener\">Jos\u00e9 Mar\u00eda Romero Vera<\/a><\/span><\/strong><\/p>\n<p>Director \u2013 \u00c1rea econ\u00f3mica e internacional<\/p>\n","protected":false},"excerpt":{"rendered":"<p>Con la primavera instalada ya en Buenos Aires, ha sido un privilegio haber estado de nuevo all\u00ed unos d\u00edas, participando en el Foro Abeceb. Se trata de la cita internacional de referencia en el Cono Sur latinoamericano a la hora de abordar los desaf\u00edos y las oportunidades para la estrategia empresarial en la regi\u00f3n y,&hellip;<\/p>\n","protected":false},"author":5,"featured_media":9951,"comment_status":"closed","ping_status":"closed","sticky":false,"template":"","format":"standard","meta":{"_acf_changed":false,"footnotes":""},"categories":[265],"tags":[],"coauthors":[336],"class_list":["post-9953","post","type-post","status-publish","format-standard","has-post-thumbnail","hentry","category-uncategorized","category-265","description-off"],"acf":[],"_links":{"self":[{"href":"https:\/\/www.equipoeconomico.com\/en\/wp-json\/wp\/v2\/posts\/9953","targetHints":{"allow":["GET"]}}],"collection":[{"href":"https:\/\/www.equipoeconomico.com\/en\/wp-json\/wp\/v2\/posts"}],"about":[{"href":"https:\/\/www.equipoeconomico.com\/en\/wp-json\/wp\/v2\/types\/post"}],"author":[{"embeddable":true,"href":"https:\/\/www.equipoeconomico.com\/en\/wp-json\/wp\/v2\/users\/5"}],"replies":[{"embeddable":true,"href":"https:\/\/www.equipoeconomico.com\/en\/wp-json\/wp\/v2\/comments?post=9953"}],"version-history":[{"count":1,"href":"https:\/\/www.equipoeconomico.com\/en\/wp-json\/wp\/v2\/posts\/9953\/revisions"}],"predecessor-version":[{"id":9954,"href":"https:\/\/www.equipoeconomico.com\/en\/wp-json\/wp\/v2\/posts\/9953\/revisions\/9954"}],"wp:featuredmedia":[{"embeddable":true,"href":"https:\/\/www.equipoeconomico.com\/en\/wp-json\/wp\/v2\/media\/9951"}],"wp:attachment":[{"href":"https:\/\/www.equipoeconomico.com\/en\/wp-json\/wp\/v2\/media?parent=9953"}],"wp:term":[{"taxonomy":"category","embeddable":true,"href":"https:\/\/www.equipoeconomico.com\/en\/wp-json\/wp\/v2\/categories?post=9953"},{"taxonomy":"post_tag","embeddable":true,"href":"https:\/\/www.equipoeconomico.com\/en\/wp-json\/wp\/v2\/tags?post=9953"},{"taxonomy":"author","embeddable":true,"href":"https:\/\/www.equipoeconomico.com\/en\/wp-json\/wp\/v2\/coauthors?post=9953"}],"curies":[{"name":"wp","href":"https:\/\/api.w.org\/{rel}","templated":true}]}}